{"id":30582,"date":"2019-02-04T12:51:42","date_gmt":"2019-02-04T09:51:42","guid":{"rendered":"https:\/\/planpro.ee\/montenegro-valitsus-votab-kasutusele-planpro-tarkvara\/"},"modified":"2026-04-08T16:04:52","modified_gmt":"2026-04-08T13:04:52","slug":"montenegro-valitsus-votab-kasutusele-planpro-tarkvara","status":"publish","type":"post","link":"https:\/\/planpro.ee\/en\/montenegro-valitsus-votab-kasutusele-planpro-tarkvara\/","title":{"rendered":"Montenegro valitsus v\u00f5tab kasutusele PlanPro tarkvara"},"content":{"rendered":"\t\t<div data-elementor-type=\"wp-post\" data-elementor-id=\"30582\" class=\"elementor elementor-30582 elementor-1644\" data-elementor-post-type=\"post\">\n\t\t\t\t\t\t<section class=\"elementor-section elementor-top-section elementor-element elementor-element-e5e474d elementor-section-height-min-height elementor-section-stretched elementor-section-boxed elementor-section-height-default elementor-section-items-middle exad-glass-effect-no exad-sticky-section-no\" data-id=\"e5e474d\" data-element_type=\"section\" data-e-type=\"section\" id=\"toppais\" data-settings=\"{&quot;background_background&quot;:&quot;classic&quot;,&quot;stretch_section&quot;:&quot;section-stretched&quot;}\">\n\t\t\t\t\t\t\t<div class=\"elementor-background-overlay\"><\/div>\n\t\t\t\t\t\t\t<div class=\"elementor-container elementor-column-gap-default\">\n\t\t\t\t\t<div class=\"elementor-column elementor-col-50 elementor-top-column elementor-element elementor-element-25ab347 exad-glass-effect-no exad-sticky-section-no\" data-id=\"25ab347\" data-element_type=\"column\" data-e-type=\"column\">\n\t\t\t<div class=\"elementor-widget-wrap elementor-element-populated\">\n\t\t\t\t\t\t<div class=\"elementor-element elementor-element-06b8bd8 exad-sticky-section-no exad-glass-effect-no elementor-widget elementor-widget-heading\" data-id=\"06b8bd8\" data-element_type=\"widget\" data-e-type=\"widget\" data-widget_type=\"heading.default\">\n\t\t\t\t<div class=\"elementor-widget-container\">\n\t\t\t\t\t<h2 class=\"elementor-heading-title elementor-size-default\">Blogi<\/h2>\t\t\t\t<\/div>\n\t\t\t\t<\/div>\n\t\t\t\t\t<\/div>\n\t\t<\/div>\n\t\t\t\t<div class=\"elementor-column elementor-col-50 elementor-top-column elementor-element elementor-element-ad0f171 elementor-hidden-tablet elementor-hidden-mobile exad-glass-effect-no exad-sticky-section-no\" data-id=\"ad0f171\" data-element_type=\"column\" data-e-type=\"column\">\n\t\t\t<div class=\"elementor-widget-wrap\">\n\t\t\t\t\t\t\t<\/div>\n\t\t<\/div>\n\t\t\t\t\t<\/div>\n\t\t<\/section>\n\t\t\t\t<section class=\"elementor-section elementor-top-section elementor-element elementor-element-59098d4 elementor-hidden-tablet elementor-hidden-mobile elementor-section-boxed elementor-section-height-default elementor-section-height-default exad-glass-effect-no exad-sticky-section-no\" data-id=\"59098d4\" data-element_type=\"section\" data-e-type=\"section\" data-settings=\"{&quot;background_background&quot;:&quot;classic&quot;}\">\n\t\t\t\t\t\t<div class=\"elementor-container elementor-column-gap-default\">\n\t\t\t\t\t<div class=\"elementor-column elementor-col-100 elementor-top-column elementor-element elementor-element-2ea5f63 exad-glass-effect-no exad-sticky-section-no\" data-id=\"2ea5f63\" data-element_type=\"column\" data-e-type=\"column\">\n\t\t\t<div class=\"elementor-widget-wrap elementor-element-populated\">\n\t\t\t\t\t\t<div class=\"elementor-element elementor-element-d365cb4 exad-sticky-section-no exad-glass-effect-no elementor-widget elementor-widget-breadcrumbs\" data-id=\"d365cb4\" data-element_type=\"widget\" data-e-type=\"widget\" data-widget_type=\"breadcrumbs.default\">\n\t\t\t\t<div class=\"elementor-widget-container\">\n\t\t\t\t\t<p id=\"breadcrumbs\"><span><span><a href=\"https:\/\/planpro.ee\/en\/\">Home<\/a><\/span><\/span><\/p>\t\t\t\t<\/div>\n\t\t\t\t<\/div>\n\t\t\t\t\t<\/div>\n\t\t<\/div>\n\t\t\t\t\t<\/div>\n\t\t<\/section>\n\t\t\t\t<section class=\"elementor-section elementor-top-section elementor-element elementor-element-8e7cc55 elementor-section-boxed elementor-section-height-default elementor-section-height-default exad-glass-effect-no exad-sticky-section-no\" data-id=\"8e7cc55\" data-element_type=\"section\" data-e-type=\"section\">\n\t\t\t\t\t\t<div class=\"elementor-container elementor-column-gap-default\">\n\t\t\t\t\t<div class=\"elementor-column elementor-col-100 elementor-top-column elementor-element elementor-element-f1a4703 exad-glass-effect-no exad-sticky-section-no\" data-id=\"f1a4703\" data-element_type=\"column\" data-e-type=\"column\">\n\t\t\t<div class=\"elementor-widget-wrap elementor-element-populated\">\n\t\t\t\t\t\t<div class=\"elementor-element elementor-element-196bbec elementor-align-end elementor-icon-list--layout-traditional elementor-list-item-link-full_width exad-sticky-section-no exad-glass-effect-no elementor-widget elementor-widget-icon-list\" data-id=\"196bbec\" data-element_type=\"widget\" data-e-type=\"widget\" data-widget_type=\"icon-list.default\">\n\t\t\t\t<div class=\"elementor-widget-container\">\n\t\t\t\t\t\t\t<ul class=\"elementor-icon-list-items\">\n\t\t\t\t\t\t\t<li class=\"elementor-icon-list-item\">\n\t\t\t\t\t\t\t\t\t\t\t<a href=\"https:\/\/planpro.ee\/blog\/\">\n\n\t\t\t\t\t\t\t\t\t\t\t\t<span class=\"elementor-icon-list-icon\">\n\t\t\t\t\t\t\t<i aria-hidden=\"true\" class=\"fas fa-arrow-left\"><\/i>\t\t\t\t\t\t<\/span>\n\t\t\t\t\t\t\t\t\t\t<span class=\"elementor-icon-list-text\">K\u00f5ik postitused<\/span>\n\t\t\t\t\t\t\t\t\t\t\t<\/a>\n\t\t\t\t\t\t\t\t\t<\/li>\n\t\t\t\t\t\t<\/ul>\n\t\t\t\t\t\t<\/div>\n\t\t\t\t<\/div>\n\t\t\t\t<div class=\"elementor-element elementor-element-2541cf9 exad-sticky-section-no exad-glass-effect-no elementor-widget elementor-widget-post-info\" data-id=\"2541cf9\" data-element_type=\"widget\" data-e-type=\"widget\" data-widget_type=\"post-info.default\">\n\t\t\t\t<div class=\"elementor-widget-container\">\n\t\t\t\t\t\t\t<ul class=\"elementor-inline-items elementor-icon-list-items elementor-post-info\">\n\t\t\t\t\t\t\t\t<li class=\"elementor-icon-list-item elementor-repeater-item-cca3f74 elementor-inline-item\" itemprop=\"datePublished\">\n\t\t\t\t\t\t\t\t\t\t<span class=\"elementor-icon-list-icon\">\n\t\t\t\t\t\t\t\t<i aria-hidden=\"true\" class=\"fas fa-calendar\"><\/i>\t\t\t\t\t\t\t<\/span>\n\t\t\t\t\t\t\t\t\t<span class=\"elementor-icon-list-text elementor-post-info__item elementor-post-info__item--type-date\">\n\t\t\t\t\t\t\t\t\t\t<time>04\/02\/2019<\/time>\t\t\t\t\t<\/span>\n\t\t\t\t\t\t\t\t<\/li>\n\t\t\t\t<\/ul>\n\t\t\t\t\t\t<\/div>\n\t\t\t\t<\/div>\n\t\t\t\t<div class=\"elementor-element elementor-element-9cac054 exad-sticky-section-no exad-glass-effect-no elementor-widget elementor-widget-heading\" data-id=\"9cac054\" data-element_type=\"widget\" data-e-type=\"widget\" data-widget_type=\"heading.default\">\n\t\t\t\t<div class=\"elementor-widget-container\">\n\t\t\t\t\t<h1 class=\"elementor-heading-title elementor-size-default\">Montenegro valitsus v\u00f5tab kasutusele PlanPro tarkvara<\/h1>\t\t\t\t<\/div>\n\t\t\t\t<\/div>\n\t\t\t\t<div class=\"elementor-element elementor-element-6192ed58 exad-sticky-section-no exad-glass-effect-no elementor-widget elementor-widget-text-editor\" data-id=\"6192ed58\" data-element_type=\"widget\" data-e-type=\"widget\" data-widget_type=\"text-editor.default\">\n\t\t\t\t<div class=\"elementor-widget-container\">\n\t\t\t\t\t\t\t\t\t<p>Meil on hea meel teatada, et Montenegro Vabariigi valitsus otsustas strateegilise planeerimise ja t\u00e4itmise monitoorimise abivahendina kasutusele v\u00f5tta PlanPro tarkvara.<\/p><p>PlanPro juurutati esialgu pilootprojektina neljas ministeeriumis ministeeriumite t\u00f6\u00f6plaanide ja projektide haldamiseks ning Riigikantseleis valitsuse t\u00f6\u00f6plaani ja strateegiliste eesm\u00e4rkide keskseks j\u00e4lgimiseks ja monitoorimiseks. Edaspidi on plaan PlanPro keskselt kasutusele v\u00f5tta \u00fcleriigiliselt k\u00f5ikides ministeeriumites.<\/p><p><em>PlanPro tarkvara on juba edukalt juurutanud Moldova Vabariigi Valitsus 2014. aastal. PlanProd kasutatakse erinevate Moldova riiklike tegevuskavade j\u00e4lgimiseks ja t\u00e4itmise monitoorimiseks. Eesm\u00e4rgiks on olnud v\u00e4hendada b\u00fcrokraatiat ja aidata parandada valitsuse tegevuste l\u00e4bipaistvust, samuti raportite kvaliteeti ja k\u00e4ttesaadavust kolmandatele osapooltele.<\/em><\/p><p>\u00a0<\/p>\t\t\t\t\t\t\t\t<\/div>\n\t\t\t\t<\/div>\n\t\t\t\t<div class=\"elementor-element elementor-element-4124bf2 exad-sticky-section-no exad-glass-effect-no elementor-widget elementor-widget-image\" data-id=\"4124bf2\" data-element_type=\"widget\" data-e-type=\"widget\" data-widget_type=\"image.default\">\n\t\t\t\t<div class=\"elementor-widget-container\">\n\t\t\t\t\t\t\t\t\t\t\t\t\t\t\t<img decoding=\"async\" width=\"300\" height=\"118\" src=\"https:\/\/planpro.ee\/wp-content\/uploads\/2020\/09\/Govenment-of-Montenegro-300x118.png\" class=\"attachment-medium size-medium wp-image-15042\" alt=\"\" srcset=\"https:\/\/planpro.ee\/wp-content\/uploads\/2020\/09\/Govenment-of-Montenegro-300x118.png 300w, https:\/\/planpro.ee\/wp-content\/uploads\/2020\/09\/Govenment-of-Montenegro.png 527w\" sizes=\"(max-width: 300px) 100vw, 300px\" \/>\t\t\t\t\t\t\t\t\t\t\t\t\t\t\t<\/div>\n\t\t\t\t<\/div>\n\t\t\t\t\t<\/div>\n\t\t<\/div>\n\t\t\t\t\t<\/div>\n\t\t<\/section>\n\t\t\t\t<section class=\"elementor-section elementor-top-section elementor-element elementor-element-4d1166d2 elementor-section-stretched elementor-section-boxed elementor-section-height-default elementor-section-height-default exad-glass-effect-no exad-sticky-section-no\" data-id=\"4d1166d2\" data-element_type=\"section\" data-e-type=\"section\" data-settings=\"{&quot;stretch_section&quot;:&quot;section-stretched&quot;}\">\n\t\t\t\t\t\t<div class=\"elementor-container elementor-column-gap-no\">\n\t\t\t\t\t<div class=\"elementor-column elementor-col-100 elementor-top-column elementor-element elementor-element-312d19be exad-glass-effect-no exad-sticky-section-no\" data-id=\"312d19be\" data-element_type=\"column\" data-e-type=\"column\">\n\t\t\t<div class=\"elementor-widget-wrap elementor-element-populated\">\n\t\t\t\t\t\t<div class=\"elementor-element elementor-element-77c1362e exad-sticky-section-no exad-glass-effect-no elementor-widget elementor-widget-text-editor\" data-id=\"77c1362e\" data-element_type=\"widget\" data-e-type=\"widget\" data-widget_type=\"text-editor.default\">\n\t\t\t\t<div class=\"elementor-widget-container\">\n\t\t\t\t\t\t\t\t\t<p><strong>Kui oled otsimas sobivat tarkvara, et oma organisatsiooni sisemiste protsesside juhtimine uuele tasemele viia, siis k\u00fcsi kindlasti\u00a0<\/strong><span class=\"popup-trigger popmake-9033 pum-trigger\" data-popup-id=\"9033\" data-do-default=\"0\"><strong>PlanPro tarkvara demo.<\/strong><\/span><\/p>\t\t\t\t\t\t\t\t<\/div>\n\t\t\t\t<\/div>\n\t\t\t\t<div class=\"elementor-element elementor-element-50f0bc04 elementor-align-left exad-sticky-section-no exad-glass-effect-no elementor-widget elementor-widget-button\" data-id=\"50f0bc04\" data-element_type=\"widget\" data-e-type=\"widget\" data-widget_type=\"button.default\">\n\t\t\t\t<div class=\"elementor-widget-container\">\n\t\t\t\t\t\t\t\t\t<div class=\"elementor-button-wrapper\">\n\t\t\t\t\t<a class=\"elementor-button elementor-button-link elementor-size-sm\" href=\"#elementor-action%3Aaction%3Dpopup%3Aopen%26settings%3DeyJpZCI6MTQzNDAsInRvZ2dsZSI6ZmFsc2V9\">\n\t\t\t\t\t\t<span class=\"elementor-button-content-wrapper\">\n\t\t\t\t\t\t\t\t\t<span class=\"elementor-button-text\">Soovin tellida demo<\/span>\n\t\t\t\t\t<\/span>\n\t\t\t\t\t<\/a>\n\t\t\t\t<\/div>\n\t\t\t\t\t\t\t\t<\/div>\n\t\t\t\t<\/div>\n\t\t\t\t<div class=\"elementor-element elementor-element-4d4686b7 exad-sticky-section-no exad-glass-effect-no elementor-widget elementor-widget-text-editor\" data-id=\"4d4686b7\" data-element_type=\"widget\" data-e-type=\"widget\" data-widget_type=\"text-editor.default\">\n\t\t\t\t<div class=\"elementor-widget-container\">\n\t\t\t\t\t\t\t\t\t<p>J\u00e4lgi meid ka sotsiaalmeedias:<\/p>\t\t\t\t\t\t\t\t<\/div>\n\t\t\t\t<\/div>\n\t\t\t\t<div class=\"elementor-element elementor-element-f57384 exad-sticky-section-no exad-glass-effect-no elementor-widget elementor-widget-elementskit-social-media\" data-id=\"f57384\" data-element_type=\"widget\" data-e-type=\"widget\" data-widget_type=\"elementskit-social-media.default\">\n\t\t\t\t<div class=\"elementor-widget-container\">\n\t\t\t\t\t<div class=\"ekit-wid-con\" >\t\t\t <ul class=\"ekit_social_media\">\n\t\t\t\t\t\t\t\t\t\t\t\t\t\t<li class=\"elementor-repeater-item-ff66e07\">\n\t\t\t\t\t    <a\n\t\t\t\t\t\thref=\"https:\/\/www.facebook.com\/PlanProEesti\/\" aria-label=\"Facebook\" class=\"facebook\" >\n\t\t\t\t\t\t\t\n\t\t\t\t\t\t\t<i aria-hidden=\"true\" class=\"icon icon-facebook\"><\/i>\n                                                                                                            <\/a>\n                    <\/li>\n                    \t\t\t\t\t\t\t\t\t\t\t\t\t\t<li class=\"elementor-repeater-item-4da0bbe\">\n\t\t\t\t\t    <a\n\t\t\t\t\t\thref=\"https:\/\/www.linkedin.com\/company\/planpro-software\/\" aria-label=\"LinkedIn\" class=\"linkedin\" >\n\t\t\t\t\t\t\t\n\t\t\t\t\t\t\t<i aria-hidden=\"true\" class=\"icon icon-linkedin\"><\/i>\n                                                                                                            <\/a>\n                    <\/li>\n                    \t\t\t\t\t\t\t<\/ul>\n\t\t<\/div>\t\t\t\t<\/div>\n\t\t\t\t<\/div>\n\t\t\t\t\t<\/div>\n\t\t<\/div>\n\t\t\t\t\t<\/div>\n\t\t<\/section>\n\t\t\t\t<section class=\"elementor-section elementor-top-section elementor-element elementor-element-dbbe6e5 elementor-section-stretched elementor-section-boxed elementor-section-height-default elementor-section-height-default exad-glass-effect-no exad-sticky-section-no\" data-id=\"dbbe6e5\" data-element_type=\"section\" data-e-type=\"section\" data-settings=\"{&quot;background_background&quot;:&quot;classic&quot;,&quot;stretch_section&quot;:&quot;section-stretched&quot;}\">\n\t\t\t\t\t\t<div class=\"elementor-container elementor-column-gap-default\">\n\t\t\t\t\t<div class=\"elementor-column elementor-col-100 elementor-top-column elementor-element elementor-element-8eea2c9 exad-glass-effect-no exad-sticky-section-no\" data-id=\"8eea2c9\" data-element_type=\"column\" data-e-type=\"column\">\n\t\t\t<div class=\"elementor-widget-wrap elementor-element-populated\">\n\t\t\t\t\t\t<section class=\"elementor-section elementor-inner-section elementor-element elementor-element-8681001 elementor-section-boxed elementor-section-height-default elementor-section-height-default exad-glass-effect-no exad-sticky-section-no\" data-id=\"8681001\" data-element_type=\"section\" data-e-type=\"section\">\n\t\t\t\t\t\t<div class=\"elementor-container elementor-column-gap-default\">\n\t\t\t\t\t<div class=\"elementor-column elementor-col-50 elementor-inner-column elementor-element elementor-element-8cebcce exad-glass-effect-no exad-sticky-section-no\" data-id=\"8cebcce\" data-element_type=\"column\" data-e-type=\"column\">\n\t\t\t<div class=\"elementor-widget-wrap elementor-element-populated\">\n\t\t\t\t\t\t<div class=\"elementor-element elementor-element-6856bec exad-sticky-section-no exad-glass-effect-no elementor-widget elementor-widget-heading\" data-id=\"6856bec\" data-element_type=\"widget\" data-e-type=\"widget\" data-widget_type=\"heading.default\">\n\t\t\t\t<div class=\"elementor-widget-container\">\n\t\t\t\t\t<p class=\"elementor-heading-title elementor-size-default\">Loe edasi<\/p>\t\t\t\t<\/div>\n\t\t\t\t<\/div>\n\t\t\t\t\t<\/div>\n\t\t<\/div>\n\t\t\t\t<div class=\"elementor-column elementor-col-50 elementor-inner-column elementor-element elementor-element-870a48c exad-glass-effect-no exad-sticky-section-no\" data-id=\"870a48c\" data-element_type=\"column\" data-e-type=\"column\">\n\t\t\t<div class=\"elementor-widget-wrap elementor-element-populated\">\n\t\t\t\t\t\t<div class=\"elementor-element elementor-element-f6aad43 elementor-align-end elementor-icon-list--layout-traditional elementor-list-item-link-full_width exad-sticky-section-no exad-glass-effect-no elementor-widget elementor-widget-icon-list\" data-id=\"f6aad43\" data-element_type=\"widget\" data-e-type=\"widget\" data-widget_type=\"icon-list.default\">\n\t\t\t\t<div class=\"elementor-widget-container\">\n\t\t\t\t\t\t\t<ul class=\"elementor-icon-list-items\">\n\t\t\t\t\t\t\t<li class=\"elementor-icon-list-item\">\n\t\t\t\t\t\t\t\t\t\t\t<a href=\"https:\/\/planpro.ee\/blog\/\">\n\n\t\t\t\t\t\t\t\t\t\t\t\t<span class=\"elementor-icon-list-icon\">\n\t\t\t\t\t\t\t<i aria-hidden=\"true\" class=\"fas fa-arrow-left\"><\/i>\t\t\t\t\t\t<\/span>\n\t\t\t\t\t\t\t\t\t\t<span class=\"elementor-icon-list-text\">K\u00f5ik postitused<\/span>\n\t\t\t\t\t\t\t\t\t\t\t<\/a>\n\t\t\t\t\t\t\t\t\t<\/li>\n\t\t\t\t\t\t<\/ul>\n\t\t\t\t\t\t<\/div>\n\t\t\t\t<\/div>\n\t\t\t\t\t<\/div>\n\t\t<\/div>\n\t\t\t\t\t<\/div>\n\t\t<\/section>\n\t\t\t\t<div class=\"elementor-element elementor-element-9c0ea5d elementor-widget__width-initial exad-glass-effect-no elementor-widget elementor-widget-exad-post-grid\" data-id=\"9c0ea5d\" data-element_type=\"widget\" data-e-type=\"widget\" data-widget_type=\"exad-post-grid.default\">\n\t\t\t\t<div class=\"elementor-widget-container\">\n\t\t\t\t\t\t\t\r\n\r\n\t\t<div class=\"exad-post-grid\">\r\n\t\t\t<div class=\"exad-row-wrapper\">\r\n\t\t\t\t\r\n<article class=\"exad-post-grid-three exad-col  \">\r\n    <div class=\"exad-post-grid-container image-position-top exad-post-grid-equal-height-\">\r\n                    <figure class=\"exad-post-grid-thumbnail\">\r\n                <a href=\"https:\/\/planpro.ee\/en\/courts-time-tracking-planpro\/\">\r\n                    <img fetchpriority=\"high\" decoding=\"async\" width=\"800\" height=\"534\" src=\"https:\/\/planpro.ee\/wp-content\/uploads\/2026\/04\/HarjuMaakohus-1024x683.jpg\" class=\"attachment-large size-large wp-post-image\" alt=\"\" \/>                <\/a>\r\n                \r\n                            <\/figure>\r\n        \t\t\r\n\t\t        <div class=\"exad-post-grid-body\">\r\n                            <ul class=\"exad-post-grid-category cat-posdefault\">\r\n                    <li><a href=\"https:\/\/planpro.ee\/en\/category\/customer-stories\/\">Customer stories<\/a><\/li>                <\/ul>\r\n                                <ul class=\"exad-post-data show-avatar-\">\r\n                                                                            <li class=\"exad-post-date\">\r\n                                <span>\r\n                                                                        <a href=\"https:\/\/planpro.ee\/en\/courts-time-tracking-planpro\/\" class=\"exad-post-grid-author-date\">April 21, 2026<\/a>\r\n                                <\/span>                          \r\n                            <\/li> \r\n                           \r\n                    <\/ul>\r\n                \t\t\t\t\r\n\t\t\t\t\t\t\t\r\n                    <h3>\r\n\t\t\t\t\t\r\n\t\t\t\t\t\t\t\r\n                        <a href=\"https:\/\/planpro.ee\/en\/courts-time-tracking-planpro\/\" class=\"exad-post-grid-title\">Case study: Estonian Courts Measure Time Spent on Proceedings Using PlanPro software<\/a>\r\n\t\t\t\t\r\n\t\t\t\t\t\t\t\t\t\r\n                    <\/h3>\r\n\t\t\t\t\t\r\n\t\t\t\t\t\t\t\t\r\n                                <div class=\"exad-post-grid-description\">\r\n                    Read how Estonian courts use PlanPro to track time spent on proceedings and build a more data-driven approach to workload management.                <\/div>\r\n                            <div class=\"exad-post-footer\"><a href=\"https:\/\/planpro.ee\/en\/courts-time-tracking-planpro\/\" target=\"_self\" class=\"read-more\">Loe edasi<\/a><\/div>\r\n            \r\n        <\/div>\r\n        \t\t\r\n\t\t\t\t\r\n    <\/div>\r\n<\/article>\r\n\r\n<article class=\"exad-post-grid-three exad-col  \">\r\n    <div class=\"exad-post-grid-container image-position-top exad-post-grid-equal-height-\">\r\n                    <figure class=\"exad-post-grid-thumbnail\">\r\n                <a href=\"https:\/\/planpro.ee\/en\/quiet-shift-to-european-saas-alternatives\/\">\r\n                    <img decoding=\"async\" width=\"800\" height=\"800\" src=\"https:\/\/planpro.ee\/wp-content\/uploads\/2026\/04\/EU_based_software-1024x1024.png\" class=\"attachment-large size-large wp-post-image\" alt=\"\" \/>                <\/a>\r\n                \r\n                            <\/figure>\r\n        \t\t\r\n\t\t        <div class=\"exad-post-grid-body\">\r\n                            <ul class=\"exad-post-grid-category cat-posdefault\">\r\n                    <li><a href=\"https:\/\/planpro.ee\/en\/category\/useful\/\">Useful<\/a><\/li>                <\/ul>\r\n                                <ul class=\"exad-post-data show-avatar-\">\r\n                                                                            <li class=\"exad-post-date\">\r\n                                <span>\r\n                                                                        <a href=\"https:\/\/planpro.ee\/en\/quiet-shift-to-european-saas-alternatives\/\" class=\"exad-post-grid-author-date\">April 8, 2026<\/a>\r\n                                <\/span>                          \r\n                            <\/li> \r\n                           \r\n                    <\/ul>\r\n                \t\t\t\t\r\n\t\t\t\t\t\t\t\r\n                    <h3>\r\n\t\t\t\t\t\r\n\t\t\t\t\t\t\t\r\n                        <a href=\"https:\/\/planpro.ee\/en\/quiet-shift-to-european-saas-alternatives\/\" class=\"exad-post-grid-title\">Europe\u2019s Quiet Shift: The Rise of Local SaaS Alternatives<\/a>\r\n\t\t\t\t\r\n\t\t\t\t\t\t\t\t\t\r\n                    <\/h3>\r\n\t\t\t\t\t\r\n\t\t\t\t\t\t\t\t\r\n                                <div class=\"exad-post-grid-description\">\r\n                    As European organisations seek more control, data residency, and operational clarity, local SaaS alternatives are gaining ground. Discover why European software like PlanPro is becoming a...                <\/div>\r\n                            <div class=\"exad-post-footer\"><a href=\"https:\/\/planpro.ee\/en\/quiet-shift-to-european-saas-alternatives\/\" target=\"_self\" class=\"read-more\">Loe edasi<\/a><\/div>\r\n            \r\n        <\/div>\r\n        \t\t\r\n\t\t\t\t\r\n    <\/div>\r\n<\/article>\r\n\r\n<article class=\"exad-post-grid-three exad-col  \">\r\n    <div class=\"exad-post-grid-container image-position-top exad-post-grid-equal-height-\">\r\n                    <figure class=\"exad-post-grid-thumbnail\">\r\n                <a href=\"https:\/\/planpro.ee\/en\/tallinn-transport-department-work-management\/\">\r\n                    <img loading=\"lazy\" decoding=\"async\" width=\"800\" height=\"534\" src=\"https:\/\/planpro.ee\/wp-content\/uploads\/2026\/03\/Tallinna_Transpordiamet-1024x683.jpg\" class=\"attachment-large size-large wp-post-image\" alt=\"\" \/>                <\/a>\r\n                \r\n                            <\/figure>\r\n        \t\t\r\n\t\t        <div class=\"exad-post-grid-body\">\r\n                            <ul class=\"exad-post-grid-category cat-posdefault\">\r\n                    <li><a href=\"https:\/\/planpro.ee\/en\/category\/customer-stories\/\">Customer stories<\/a><\/li>                <\/ul>\r\n                                <ul class=\"exad-post-data show-avatar-\">\r\n                                                                            <li class=\"exad-post-date\">\r\n                                <span>\r\n                                                                        <a href=\"https:\/\/planpro.ee\/en\/tallinn-transport-department-work-management\/\" class=\"exad-post-grid-author-date\">March 16, 2026<\/a>\r\n                                <\/span>                          \r\n                            <\/li> \r\n                           \r\n                    <\/ul>\r\n                \t\t\t\t\r\n\t\t\t\t\t\t\t\r\n                    <h3>\r\n\t\t\t\t\t\r\n\t\t\t\t\t\t\t\r\n                        <a href=\"https:\/\/planpro.ee\/en\/tallinn-transport-department-work-management\/\" class=\"exad-post-grid-title\">Tallinn Transport Department: how PlanPro brought a common rhythm to management<\/a>\r\n\t\t\t\t\r\n\t\t\t\t\t\t\t\t\t\r\n                    <\/h3>\r\n\t\t\t\t\t\r\n\t\t\t\t\t\t\t\t\r\n                                <div class=\"exad-post-grid-description\">\r\n                    Andres Kukk, Development Manager at Tallinn Transport Department, shares the story of how their institution began to consciously make management processes more systematic and digitalize them.                <\/div>\r\n                            <div class=\"exad-post-footer\"><a href=\"https:\/\/planpro.ee\/en\/tallinn-transport-department-work-management\/\" target=\"_self\" class=\"read-more\">Loe edasi<\/a><\/div>\r\n            \r\n        <\/div>\r\n        \t\t\r\n\t\t\t\t\r\n    <\/div>\r\n<\/article>\r\n\r\n<article class=\"exad-post-grid-three exad-col  \">\r\n    <div class=\"exad-post-grid-container image-position-top exad-post-grid-equal-height-\">\r\n                    <figure class=\"exad-post-grid-thumbnail\">\r\n                <a href=\"https:\/\/planpro.ee\/en\/updates-winter-2026\/\">\r\n                    <img loading=\"lazy\" decoding=\"async\" width=\"800\" height=\"534\" src=\"https:\/\/planpro.ee\/wp-content\/uploads\/2026\/03\/PlanPro_version_updates_winter_2026-1024x683.png\" class=\"attachment-large size-large wp-post-image\" alt=\"\" \/>                <\/a>\r\n                \r\n                            <\/figure>\r\n        \t\t\r\n\t\t        <div class=\"exad-post-grid-body\">\r\n                            <ul class=\"exad-post-grid-category cat-posdefault\">\r\n                    <li><a href=\"https:\/\/planpro.ee\/en\/category\/version-updates\/\">Version updates<\/a><\/li>                <\/ul>\r\n                                <ul class=\"exad-post-data show-avatar-\">\r\n                                                                            <li class=\"exad-post-date\">\r\n                                <span>\r\n                                                                        <a href=\"https:\/\/planpro.ee\/en\/updates-winter-2026\/\" class=\"exad-post-grid-author-date\">March 12, 2026<\/a>\r\n                                <\/span>                          \r\n                            <\/li> \r\n                           \r\n                    <\/ul>\r\n                \t\t\t\t\r\n\t\t\t\t\t\t\t\r\n                    <h3>\r\n\t\t\t\t\t\r\n\t\t\t\t\t\t\t\r\n                        <a href=\"https:\/\/planpro.ee\/en\/updates-winter-2026\/\" class=\"exad-post-grid-title\">PlanPro Winter 2026 Updates: New design; activity templates, updated metrics; ability to restore records in modules.<\/a>\r\n\t\t\t\t\r\n\t\t\t\t\t\t\t\t\t\r\n                    <\/h3>\r\n\t\t\t\t\t\r\n\t\t\t\t\t\t\t\t\r\n                                <div class=\"exad-post-grid-description\">\r\n                    A new design, activity creation from templates, completely revamped metrics, the ability to restore records within modules, and much more.                <\/div>\r\n                            <div class=\"exad-post-footer\"><a href=\"https:\/\/planpro.ee\/en\/updates-winter-2026\/\" target=\"_self\" class=\"read-more\">Loe edasi<\/a><\/div>\r\n            \r\n        <\/div>\r\n        \t\t\r\n\t\t\t\t\r\n    <\/div>\r\n<\/article>\r\n    \r\n\t\t\t<\/div>\r\n\t\t\t<div class=\"exad-post-grid-load-btn\">\r\n\t\t\t\t\t\t\t<\/div>\r\n\t\t<\/div>\r\n\r\n\t\t\t\t\t<\/div>\n\t\t\t\t<\/div>\n\t\t\t\t\t<\/div>\n\t\t<\/div>\n\t\t\t\t\t<\/div>\n\t\t<\/section>\n\t\t\t\t<\/div>\n\t\t","protected":false},"excerpt":{"rendered":"<p>Blogi K\u00f5ik postitused Montenegro valitsus v\u00f5tab kasutusele PlanPro tarkvara Meil on hea meel teatada, et Montenegro Vabariigi valitsus otsustas strateegilise planeerimise ja t\u00e4itmise monitoorimise abivahendina kasutusele v\u00f5tta PlanPro tarkvara. PlanPro juurutati esialgu pilootprojektina neljas ministeeriumis ministeeriumite t\u00f6\u00f6plaanide ja projektide haldamiseks ning Riigikantseleis valitsuse t\u00f6\u00f6plaani ja strateegiliste eesm\u00e4rkide keskseks j\u00e4lgimiseks ja monitoorimiseks. Edaspidi on plaan PlanPro [&hellip;]<\/p>\n","protected":false},"author":2,"featured_media":0,"comment_status":"closed","ping_status":"closed","sticky":false,"template":"elementor_header_footer","format":"standard","meta":{"footnotes":""},"categories":[103],"tags":[],"class_list":["post-30582","post","type-post","status-publish","format-standard","hentry","category-news"],"yoast_head":"<!-- This site is optimized with the Yoast SEO plugin v27.4 - https:\/\/yoast.com\/product\/yoast-seo-wordpress\/ -->\n<title>Montenegro valitsus v\u00f5tab kasutusele PlanPro tarkvara<\/title>\n<meta name=\"description\" content=\"Montenegro Vabariigi valitsus kasutab strateegilise planeerimise ja t\u00e4itmise monitoorimiseks PlanPro tarkvara.\" \/>\n<meta name=\"robots\" content=\"index, follow, max-snippet:-1, max-image-preview:large, max-video-preview:-1\" \/>\n<link rel=\"canonical\" href=\"https:\/\/planpro.ee\/en\/montenegro-valitsus-votab-kasutusele-planpro-tarkvara\/\" \/>\n<meta property=\"og:locale\" content=\"en_US\" \/>\n<meta property=\"og:type\" content=\"article\" \/>\n<meta property=\"og:title\" content=\"Montenegro valitsus v\u00f5tab kasutusele PlanPro tarkvara\" \/>\n<meta property=\"og:description\" content=\"Montenegro Vabariigi valitsus kasutab strateegilise planeerimise ja t\u00e4itmise monitoorimiseks PlanPro tarkvara.\" \/>\n<meta property=\"og:url\" content=\"https:\/\/planpro.ee\/en\/montenegro-valitsus-votab-kasutusele-planpro-tarkvara\/\" \/>\n<meta property=\"og:site_name\" content=\"PlanPro\" \/>\n<meta property=\"article:publisher\" content=\"https:\/\/www.facebook.com\/PlanProEesti\/\" \/>\n<meta property=\"article:published_time\" content=\"2019-02-04T09:51:42+00:00\" \/>\n<meta property=\"article:modified_time\" content=\"2026-04-08T13:04:52+00:00\" \/>\n<meta property=\"og:image\" content=\"https:\/\/planpro.ee\/wp-content\/uploads\/2020\/09\/Govenment-of-Montenegro-300x118.png\" \/>\n<meta name=\"author\" content=\"Riina\" \/>\n<meta name=\"twitter:card\" content=\"summary_large_image\" \/>\n<meta name=\"twitter:label1\" content=\"Written by\" \/>\n\t<meta name=\"twitter:data1\" content=\"Riina\" \/>\n\t<meta name=\"twitter:label2\" content=\"Est. reading time\" \/>\n\t<meta name=\"twitter:data2\" content=\"3 minutes\" \/>\n<script type=\"application\/ld+json\" class=\"yoast-schema-graph\">{\"@context\":\"https:\\\/\\\/schema.org\",\"@graph\":[{\"@type\":\"Article\",\"@id\":\"https:\\\/\\\/planpro.ee\\\/en\\\/montenegro-valitsus-votab-kasutusele-planpro-tarkvara\\\/#article\",\"isPartOf\":{\"@id\":\"https:\\\/\\\/planpro.ee\\\/en\\\/montenegro-valitsus-votab-kasutusele-planpro-tarkvara\\\/\"},\"author\":{\"name\":\"Riina\",\"@id\":\"https:\\\/\\\/planpro.ee\\\/en\\\/#\\\/schema\\\/person\\\/8b54d2a943c7d46806f5a3722a8a2dc2\"},\"headline\":\"Montenegro valitsus v\u00f5tab kasutusele PlanPro tarkvara\",\"datePublished\":\"2019-02-04T09:51:42+00:00\",\"dateModified\":\"2026-04-08T13:04:52+00:00\",\"mainEntityOfPage\":{\"@id\":\"https:\\\/\\\/planpro.ee\\\/en\\\/montenegro-valitsus-votab-kasutusele-planpro-tarkvara\\\/\"},\"wordCount\":287,\"publisher\":{\"@id\":\"https:\\\/\\\/planpro.ee\\\/en\\\/#organization\"},\"image\":{\"@id\":\"https:\\\/\\\/planpro.ee\\\/en\\\/montenegro-valitsus-votab-kasutusele-planpro-tarkvara\\\/#primaryimage\"},\"thumbnailUrl\":\"https:\\\/\\\/planpro.ee\\\/wp-content\\\/uploads\\\/2020\\\/09\\\/Govenment-of-Montenegro-300x118.png\",\"articleSection\":[\"News\"],\"inLanguage\":\"en-US\"},{\"@type\":\"WebPage\",\"@id\":\"https:\\\/\\\/planpro.ee\\\/en\\\/montenegro-valitsus-votab-kasutusele-planpro-tarkvara\\\/\",\"url\":\"https:\\\/\\\/planpro.ee\\\/en\\\/montenegro-valitsus-votab-kasutusele-planpro-tarkvara\\\/\",\"name\":\"Montenegro valitsus v\u00f5tab kasutusele PlanPro tarkvara\",\"isPartOf\":{\"@id\":\"https:\\\/\\\/planpro.ee\\\/en\\\/#website\"},\"primaryImageOfPage\":{\"@id\":\"https:\\\/\\\/planpro.ee\\\/en\\\/montenegro-valitsus-votab-kasutusele-planpro-tarkvara\\\/#primaryimage\"},\"image\":{\"@id\":\"https:\\\/\\\/planpro.ee\\\/en\\\/montenegro-valitsus-votab-kasutusele-planpro-tarkvara\\\/#primaryimage\"},\"thumbnailUrl\":\"https:\\\/\\\/planpro.ee\\\/wp-content\\\/uploads\\\/2020\\\/09\\\/Govenment-of-Montenegro-300x118.png\",\"datePublished\":\"2019-02-04T09:51:42+00:00\",\"dateModified\":\"2026-04-08T13:04:52+00:00\",\"description\":\"Montenegro Vabariigi valitsus kasutab strateegilise planeerimise ja t\u00e4itmise monitoorimiseks PlanPro tarkvara.\",\"breadcrumb\":{\"@id\":\"https:\\\/\\\/planpro.ee\\\/en\\\/montenegro-valitsus-votab-kasutusele-planpro-tarkvara\\\/#breadcrumb\"},\"inLanguage\":\"en-US\",\"potentialAction\":[{\"@type\":\"ReadAction\",\"target\":[\"https:\\\/\\\/planpro.ee\\\/en\\\/montenegro-valitsus-votab-kasutusele-planpro-tarkvara\\\/\"]}]},{\"@type\":\"ImageObject\",\"inLanguage\":\"en-US\",\"@id\":\"https:\\\/\\\/planpro.ee\\\/en\\\/montenegro-valitsus-votab-kasutusele-planpro-tarkvara\\\/#primaryimage\",\"url\":\"https:\\\/\\\/planpro.ee\\\/wp-content\\\/uploads\\\/2020\\\/09\\\/Govenment-of-Montenegro-300x118.png\",\"contentUrl\":\"https:\\\/\\\/planpro.ee\\\/wp-content\\\/uploads\\\/2020\\\/09\\\/Govenment-of-Montenegro-300x118.png\"},{\"@type\":\"BreadcrumbList\",\"@id\":\"https:\\\/\\\/planpro.ee\\\/en\\\/montenegro-valitsus-votab-kasutusele-planpro-tarkvara\\\/#breadcrumb\",\"itemListElement\":[{\"@type\":\"ListItem\",\"position\":1,\"name\":\"Home\",\"item\":\"https:\\\/\\\/planpro.ee\\\/en\\\/\"},{\"@type\":\"ListItem\",\"position\":2,\"name\":\"News\",\"item\":\"https:\\\/\\\/planpro.ee\\\/en\\\/category\\\/news\\\/\"},{\"@type\":\"ListItem\",\"position\":3,\"name\":\"Montenegro valitsus v\u00f5tab kasutusele PlanPro tarkvara\"}]},{\"@type\":\"WebSite\",\"@id\":\"https:\\\/\\\/planpro.ee\\\/en\\\/#website\",\"url\":\"https:\\\/\\\/planpro.ee\\\/en\\\/\",\"name\":\"PlanPro \u2013 Strategy Execution Software for Government & Enterprise\",\"description\":\"Strategy execution software that connects goals, KPIs, action plans, risks and performance reviews in one platform.\",\"publisher\":{\"@id\":\"https:\\\/\\\/planpro.ee\\\/en\\\/#organization\"},\"potentialAction\":[{\"@type\":\"SearchAction\",\"target\":{\"@type\":\"EntryPoint\",\"urlTemplate\":\"https:\\\/\\\/planpro.ee\\\/en\\\/?s={search_term_string}\"},\"query-input\":{\"@type\":\"PropertyValueSpecification\",\"valueRequired\":true,\"valueName\":\"search_term_string\"}}],\"inLanguage\":\"en-US\"},{\"@type\":\"Organization\",\"@id\":\"https:\\\/\\\/planpro.ee\\\/en\\\/#organization\",\"name\":\"PlanPro\",\"url\":\"https:\\\/\\\/planpro.ee\\\/en\\\/\",\"logo\":{\"@type\":\"ImageObject\",\"inLanguage\":\"en-US\",\"@id\":\"https:\\\/\\\/planpro.ee\\\/en\\\/#\\\/schema\\\/logo\\\/image\\\/\",\"url\":\"https:\\\/\\\/planpro.ee\\\/wp-content\\\/uploads\\\/2023\\\/05\\\/Group-3.svg\",\"contentUrl\":\"https:\\\/\\\/planpro.ee\\\/wp-content\\\/uploads\\\/2023\\\/05\\\/Group-3.svg\",\"width\":117.945,\"height\":51.4,\"caption\":\"PlanPro\"},\"image\":{\"@id\":\"https:\\\/\\\/planpro.ee\\\/en\\\/#\\\/schema\\\/logo\\\/image\\\/\"},\"sameAs\":[\"https:\\\/\\\/www.facebook.com\\\/PlanProEesti\\\/\",\"https:\\\/\\\/www.linkedin.com\\\/company\\\/planpro-software\"]},{\"@type\":\"Person\",\"@id\":\"https:\\\/\\\/planpro.ee\\\/en\\\/#\\\/schema\\\/person\\\/8b54d2a943c7d46806f5a3722a8a2dc2\",\"name\":\"Riina\"}]}<\/script>\n<!-- \/ Yoast SEO plugin. -->","yoast_head_json":{"title":"Montenegro valitsus v\u00f5tab kasutusele PlanPro tarkvara","description":"Montenegro Vabariigi valitsus kasutab strateegilise planeerimise ja t\u00e4itmise monitoorimiseks PlanPro tarkvara.","robots":{"index":"index","follow":"follow","max-snippet":"max-snippet:-1","max-image-preview":"max-image-preview:large","max-video-preview":"max-video-preview:-1"},"canonical":"https:\/\/planpro.ee\/en\/montenegro-valitsus-votab-kasutusele-planpro-tarkvara\/","og_locale":"en_US","og_type":"article","og_title":"Montenegro valitsus v\u00f5tab kasutusele PlanPro tarkvara","og_description":"Montenegro Vabariigi valitsus kasutab strateegilise planeerimise ja t\u00e4itmise monitoorimiseks PlanPro tarkvara.","og_url":"https:\/\/planpro.ee\/en\/montenegro-valitsus-votab-kasutusele-planpro-tarkvara\/","og_site_name":"PlanPro","article_publisher":"https:\/\/www.facebook.com\/PlanProEesti\/","article_published_time":"2019-02-04T09:51:42+00:00","article_modified_time":"2026-04-08T13:04:52+00:00","og_image":[{"url":"https:\/\/planpro.ee\/wp-content\/uploads\/2020\/09\/Govenment-of-Montenegro-300x118.png","type":"","width":"","height":""}],"author":"Riina","twitter_card":"summary_large_image","twitter_misc":{"Written by":"Riina","Est. reading time":"3 minutes"},"schema":{"@context":"https:\/\/schema.org","@graph":[{"@type":"Article","@id":"https:\/\/planpro.ee\/en\/montenegro-valitsus-votab-kasutusele-planpro-tarkvara\/#article","isPartOf":{"@id":"https:\/\/planpro.ee\/en\/montenegro-valitsus-votab-kasutusele-planpro-tarkvara\/"},"author":{"name":"Riina","@id":"https:\/\/planpro.ee\/en\/#\/schema\/person\/8b54d2a943c7d46806f5a3722a8a2dc2"},"headline":"Montenegro valitsus v\u00f5tab kasutusele PlanPro tarkvara","datePublished":"2019-02-04T09:51:42+00:00","dateModified":"2026-04-08T13:04:52+00:00","mainEntityOfPage":{"@id":"https:\/\/planpro.ee\/en\/montenegro-valitsus-votab-kasutusele-planpro-tarkvara\/"},"wordCount":287,"publisher":{"@id":"https:\/\/planpro.ee\/en\/#organization"},"image":{"@id":"https:\/\/planpro.ee\/en\/montenegro-valitsus-votab-kasutusele-planpro-tarkvara\/#primaryimage"},"thumbnailUrl":"https:\/\/planpro.ee\/wp-content\/uploads\/2020\/09\/Govenment-of-Montenegro-300x118.png","articleSection":["News"],"inLanguage":"en-US"},{"@type":"WebPage","@id":"https:\/\/planpro.ee\/en\/montenegro-valitsus-votab-kasutusele-planpro-tarkvara\/","url":"https:\/\/planpro.ee\/en\/montenegro-valitsus-votab-kasutusele-planpro-tarkvara\/","name":"Montenegro valitsus v\u00f5tab kasutusele PlanPro tarkvara","isPartOf":{"@id":"https:\/\/planpro.ee\/en\/#website"},"primaryImageOfPage":{"@id":"https:\/\/planpro.ee\/en\/montenegro-valitsus-votab-kasutusele-planpro-tarkvara\/#primaryimage"},"image":{"@id":"https:\/\/planpro.ee\/en\/montenegro-valitsus-votab-kasutusele-planpro-tarkvara\/#primaryimage"},"thumbnailUrl":"https:\/\/planpro.ee\/wp-content\/uploads\/2020\/09\/Govenment-of-Montenegro-300x118.png","datePublished":"2019-02-04T09:51:42+00:00","dateModified":"2026-04-08T13:04:52+00:00","description":"Montenegro Vabariigi valitsus kasutab strateegilise planeerimise ja t\u00e4itmise monitoorimiseks PlanPro tarkvara.","breadcrumb":{"@id":"https:\/\/planpro.ee\/en\/montenegro-valitsus-votab-kasutusele-planpro-tarkvara\/#breadcrumb"},"inLanguage":"en-US","potentialAction":[{"@type":"ReadAction","target":["https:\/\/planpro.ee\/en\/montenegro-valitsus-votab-kasutusele-planpro-tarkvara\/"]}]},{"@type":"ImageObject","inLanguage":"en-US","@id":"https:\/\/planpro.ee\/en\/montenegro-valitsus-votab-kasutusele-planpro-tarkvara\/#primaryimage","url":"https:\/\/planpro.ee\/wp-content\/uploads\/2020\/09\/Govenment-of-Montenegro-300x118.png","contentUrl":"https:\/\/planpro.ee\/wp-content\/uploads\/2020\/09\/Govenment-of-Montenegro-300x118.png"},{"@type":"BreadcrumbList","@id":"https:\/\/planpro.ee\/en\/montenegro-valitsus-votab-kasutusele-planpro-tarkvara\/#breadcrumb","itemListElement":[{"@type":"ListItem","position":1,"name":"Home","item":"https:\/\/planpro.ee\/en\/"},{"@type":"ListItem","position":2,"name":"News","item":"https:\/\/planpro.ee\/en\/category\/news\/"},{"@type":"ListItem","position":3,"name":"Montenegro valitsus v\u00f5tab kasutusele PlanPro tarkvara"}]},{"@type":"WebSite","@id":"https:\/\/planpro.ee\/en\/#website","url":"https:\/\/planpro.ee\/en\/","name":"PlanPro \u2013 Strategy Execution Software for Government & Enterprise","description":"Strategy execution software that connects goals, KPIs, action plans, risks and performance reviews in one platform.","publisher":{"@id":"https:\/\/planpro.ee\/en\/#organization"},"potentialAction":[{"@type":"SearchAction","target":{"@type":"EntryPoint","urlTemplate":"https:\/\/planpro.ee\/en\/?s={search_term_string}"},"query-input":{"@type":"PropertyValueSpecification","valueRequired":true,"valueName":"search_term_string"}}],"inLanguage":"en-US"},{"@type":"Organization","@id":"https:\/\/planpro.ee\/en\/#organization","name":"PlanPro","url":"https:\/\/planpro.ee\/en\/","logo":{"@type":"ImageObject","inLanguage":"en-US","@id":"https:\/\/planpro.ee\/en\/#\/schema\/logo\/image\/","url":"https:\/\/planpro.ee\/wp-content\/uploads\/2023\/05\/Group-3.svg","contentUrl":"https:\/\/planpro.ee\/wp-content\/uploads\/2023\/05\/Group-3.svg","width":117.945,"height":51.4,"caption":"PlanPro"},"image":{"@id":"https:\/\/planpro.ee\/en\/#\/schema\/logo\/image\/"},"sameAs":["https:\/\/www.facebook.com\/PlanProEesti\/","https:\/\/www.linkedin.com\/company\/planpro-software"]},{"@type":"Person","@id":"https:\/\/planpro.ee\/en\/#\/schema\/person\/8b54d2a943c7d46806f5a3722a8a2dc2","name":"Riina"}]}},"_links":{"self":[{"href":"https:\/\/planpro.ee\/en\/wp-json\/wp\/v2\/posts\/30582","targetHints":{"allow":["GET"]}}],"collection":[{"href":"https:\/\/planpro.ee\/en\/wp-json\/wp\/v2\/posts"}],"about":[{"href":"https:\/\/planpro.ee\/en\/wp-json\/wp\/v2\/types\/post"}],"author":[{"embeddable":true,"href":"https:\/\/planpro.ee\/en\/wp-json\/wp\/v2\/users\/2"}],"replies":[{"embeddable":true,"href":"https:\/\/planpro.ee\/en\/wp-json\/wp\/v2\/comments?post=30582"}],"version-history":[{"count":6,"href":"https:\/\/planpro.ee\/en\/wp-json\/wp\/v2\/posts\/30582\/revisions"}],"predecessor-version":[{"id":30665,"href":"https:\/\/planpro.ee\/en\/wp-json\/wp\/v2\/posts\/30582\/revisions\/30665"}],"wp:attachment":[{"href":"https:\/\/planpro.ee\/en\/wp-json\/wp\/v2\/media?parent=30582"}],"wp:term":[{"taxonomy":"category","embeddable":true,"href":"https:\/\/planpro.ee\/en\/wp-json\/wp\/v2\/categories?post=30582"},{"taxonomy":"post_tag","embeddable":true,"href":"https:\/\/planpro.ee\/en\/wp-json\/wp\/v2\/tags?post=30582"}],"curies":[{"name":"wp","href":"https:\/\/api.w.org\/{rel}","templated":true}]}}