{"id":30569,"date":"2015-09-06T12:32:09","date_gmt":"2015-09-06T09:32:09","guid":{"rendered":"https:\/\/planpro.ee\/eesti-moldova-valisministeerium-ja-moldova-e-riigi-keskus-votsid-kasutusele-planpro-tarkvara\/"},"modified":"2026-04-08T16:02:50","modified_gmt":"2026-04-08T13:02:50","slug":"eesti-moldova-valisministeerium-ja-moldova-e-riigi-keskus-votsid-kasutusele-planpro-tarkvara","status":"publish","type":"post","link":"https:\/\/planpro.ee\/en\/eesti-moldova-valisministeerium-ja-moldova-e-riigi-keskus-votsid-kasutusele-planpro-tarkvara\/","title":{"rendered":"Moldova V\u00e4lisministeerium ja Moldova E-Riigi Keskus v\u00f5tsid kasutusele PlanPro tarkvara"},"content":{"rendered":"\t\t<div data-elementor-type=\"wp-post\" data-elementor-id=\"30569\" class=\"elementor elementor-30569 elementor-1615\" data-elementor-post-type=\"post\">\n\t\t\t\t\t\t<section class=\"elementor-section elementor-top-section elementor-element elementor-element-1fe2be4 elementor-section-height-min-height elementor-section-stretched elementor-section-boxed elementor-section-height-default elementor-section-items-middle exad-glass-effect-no exad-sticky-section-no\" data-id=\"1fe2be4\" data-element_type=\"section\" data-e-type=\"section\" id=\"toppais\" data-settings=\"{&quot;background_background&quot;:&quot;classic&quot;,&quot;stretch_section&quot;:&quot;section-stretched&quot;}\">\n\t\t\t\t\t\t\t<div class=\"elementor-background-overlay\"><\/div>\n\t\t\t\t\t\t\t<div class=\"elementor-container elementor-column-gap-default\">\n\t\t\t\t\t<div class=\"elementor-column elementor-col-50 elementor-top-column elementor-element elementor-element-0fce003 exad-glass-effect-no exad-sticky-section-no\" data-id=\"0fce003\" data-element_type=\"column\" data-e-type=\"column\">\n\t\t\t<div class=\"elementor-widget-wrap elementor-element-populated\">\n\t\t\t\t\t\t<div class=\"elementor-element elementor-element-b431ab4 exad-sticky-section-no exad-glass-effect-no elementor-widget elementor-widget-heading\" data-id=\"b431ab4\" data-element_type=\"widget\" data-e-type=\"widget\" data-widget_type=\"heading.default\">\n\t\t\t\t<div class=\"elementor-widget-container\">\n\t\t\t\t\t<h2 class=\"elementor-heading-title elementor-size-default\">Blogi<\/h2>\t\t\t\t<\/div>\n\t\t\t\t<\/div>\n\t\t\t\t\t<\/div>\n\t\t<\/div>\n\t\t\t\t<div class=\"elementor-column elementor-col-50 elementor-top-column elementor-element elementor-element-3b92210 elementor-hidden-tablet elementor-hidden-mobile exad-glass-effect-no exad-sticky-section-no\" data-id=\"3b92210\" data-element_type=\"column\" data-e-type=\"column\">\n\t\t\t<div class=\"elementor-widget-wrap\">\n\t\t\t\t\t\t\t<\/div>\n\t\t<\/div>\n\t\t\t\t\t<\/div>\n\t\t<\/section>\n\t\t\t\t<section class=\"elementor-section elementor-top-section elementor-element elementor-element-bad2a84 elementor-hidden-tablet elementor-hidden-mobile elementor-section-boxed elementor-section-height-default elementor-section-height-default exad-glass-effect-no exad-sticky-section-no\" data-id=\"bad2a84\" data-element_type=\"section\" data-e-type=\"section\" data-settings=\"{&quot;background_background&quot;:&quot;classic&quot;}\">\n\t\t\t\t\t\t<div class=\"elementor-container elementor-column-gap-default\">\n\t\t\t\t\t<div class=\"elementor-column elementor-col-100 elementor-top-column elementor-element elementor-element-8934418 exad-glass-effect-no exad-sticky-section-no\" data-id=\"8934418\" data-element_type=\"column\" data-e-type=\"column\">\n\t\t\t<div class=\"elementor-widget-wrap elementor-element-populated\">\n\t\t\t\t\t\t<div class=\"elementor-element elementor-element-d1bf1fc exad-sticky-section-no exad-glass-effect-no elementor-widget elementor-widget-breadcrumbs\" data-id=\"d1bf1fc\" data-element_type=\"widget\" data-e-type=\"widget\" data-widget_type=\"breadcrumbs.default\">\n\t\t\t\t<div class=\"elementor-widget-container\">\n\t\t\t\t\t<p id=\"breadcrumbs\"><span><span><a href=\"https:\/\/planpro.ee\/en\/\">Home<\/a><\/span><\/span><\/p>\t\t\t\t<\/div>\n\t\t\t\t<\/div>\n\t\t\t\t\t<\/div>\n\t\t<\/div>\n\t\t\t\t\t<\/div>\n\t\t<\/section>\n\t\t\t\t<section class=\"elementor-section elementor-top-section elementor-element elementor-element-b0c4da7 elementor-section-boxed elementor-section-height-default elementor-section-height-default exad-glass-effect-no exad-sticky-section-no\" data-id=\"b0c4da7\" data-element_type=\"section\" data-e-type=\"section\">\n\t\t\t\t\t\t<div class=\"elementor-container elementor-column-gap-default\">\n\t\t\t\t\t<div class=\"elementor-column elementor-col-100 elementor-top-column elementor-element elementor-element-44651b4 exad-glass-effect-no exad-sticky-section-no\" data-id=\"44651b4\" data-element_type=\"column\" data-e-type=\"column\">\n\t\t\t<div class=\"elementor-widget-wrap elementor-element-populated\">\n\t\t\t\t\t\t<div class=\"elementor-element elementor-element-7833ab1 elementor-align-end elementor-icon-list--layout-traditional elementor-list-item-link-full_width exad-sticky-section-no exad-glass-effect-no elementor-widget elementor-widget-icon-list\" data-id=\"7833ab1\" data-element_type=\"widget\" data-e-type=\"widget\" data-widget_type=\"icon-list.default\">\n\t\t\t\t<div class=\"elementor-widget-container\">\n\t\t\t\t\t\t\t<ul class=\"elementor-icon-list-items\">\n\t\t\t\t\t\t\t<li class=\"elementor-icon-list-item\">\n\t\t\t\t\t\t\t\t\t\t\t<a href=\"https:\/\/planpro.ee\/blog\/\">\n\n\t\t\t\t\t\t\t\t\t\t\t\t<span class=\"elementor-icon-list-icon\">\n\t\t\t\t\t\t\t<i aria-hidden=\"true\" class=\"fas fa-arrow-left\"><\/i>\t\t\t\t\t\t<\/span>\n\t\t\t\t\t\t\t\t\t\t<span class=\"elementor-icon-list-text\">K\u00f5ik postitused<\/span>\n\t\t\t\t\t\t\t\t\t\t\t<\/a>\n\t\t\t\t\t\t\t\t\t<\/li>\n\t\t\t\t\t\t<\/ul>\n\t\t\t\t\t\t<\/div>\n\t\t\t\t<\/div>\n\t\t\t\t<div class=\"elementor-element elementor-element-bb00a10 exad-sticky-section-no exad-glass-effect-no elementor-widget elementor-widget-post-info\" data-id=\"bb00a10\" data-element_type=\"widget\" data-e-type=\"widget\" data-widget_type=\"post-info.default\">\n\t\t\t\t<div class=\"elementor-widget-container\">\n\t\t\t\t\t\t\t<ul class=\"elementor-inline-items elementor-icon-list-items elementor-post-info\">\n\t\t\t\t\t\t\t\t<li class=\"elementor-icon-list-item elementor-repeater-item-cca3f74 elementor-inline-item\" itemprop=\"datePublished\">\n\t\t\t\t\t\t\t\t\t\t<span class=\"elementor-icon-list-icon\">\n\t\t\t\t\t\t\t\t<i aria-hidden=\"true\" class=\"fas fa-calendar\"><\/i>\t\t\t\t\t\t\t<\/span>\n\t\t\t\t\t\t\t\t\t<span class=\"elementor-icon-list-text elementor-post-info__item elementor-post-info__item--type-date\">\n\t\t\t\t\t\t\t\t\t\t<time>06\/09\/2015<\/time>\t\t\t\t\t<\/span>\n\t\t\t\t\t\t\t\t<\/li>\n\t\t\t\t<\/ul>\n\t\t\t\t\t\t<\/div>\n\t\t\t\t<\/div>\n\t\t\t\t<div class=\"elementor-element elementor-element-9f96c8b exad-sticky-section-no exad-glass-effect-no elementor-widget elementor-widget-heading\" data-id=\"9f96c8b\" data-element_type=\"widget\" data-e-type=\"widget\" data-widget_type=\"heading.default\">\n\t\t\t\t<div class=\"elementor-widget-container\">\n\t\t\t\t\t<h1 class=\"elementor-heading-title elementor-size-default\">Moldova V\u00e4lisministeerium ja Moldova E-Riigi Keskus v\u00f5tsid kasutusele PlanPro tarkvara<\/h1>\t\t\t\t<\/div>\n\t\t\t\t<\/div>\n\t\t\t\t<div class=\"elementor-element elementor-element-6759138f exad-sticky-section-no exad-glass-effect-no elementor-widget elementor-widget-text-editor\" data-id=\"6759138f\" data-element_type=\"widget\" data-e-type=\"widget\" data-widget_type=\"text-editor.default\">\n\t\t\t\t<div class=\"elementor-widget-container\">\n\t\t\t\t\t\t\t\t\t<p>Moldova V\u00e4lisministeerium hakkab PlanPro tarkvara kasutama\u00a0Moldova ja Euroopa Liidu vahelises assotsiatsioonilepingus Moldovale 2014-2016 seatud strateegiliste eesm\u00e4rkide ja projektide progressi monitoorimiseks.<\/p><p>Moldova valitsuse e-Transformation Agenda eesm\u00e4rkide ja projektide j\u00e4lgimine toimub PlanPro tarkvara abil Moldova e-riigi keskuse (e-Government Center) koordineerimisel.<\/p><p>PlanPro tarkvara on juba edukalt juurutanud Moldova Vabariigi Valitsuse Riigikantselei, kes kasutab tarkvara alates 2014. aastast erinevate Moldova riiklike tegevuskavade j\u00e4lgimiseks ja t\u00e4itmise monitoorimiseks. Eesm\u00e4rgiks on olnud v\u00e4hendada b\u00fcrokraatiat ja aidata parandada valitsuse tegevuste l\u00e4bipaistvust, samuti raportite kvaliteeti ja k\u00e4ttesaadavust.<\/p><p>PlanPro t\u00f6\u00f6plaanide, strateegiliste eesm\u00e4rkide ja monitooringu infos\u00fcsteemi juurutamist Moldova Vabariigis rahastab Eesti V\u00e4lisministeerium arengu- ja humanitaarabi vahenditest.<\/p>\t\t\t\t\t\t\t\t<\/div>\n\t\t\t\t<\/div>\n\t\t\t\t<div class=\"elementor-element elementor-element-4d20c68 exad-sticky-section-no exad-glass-effect-no elementor-widget elementor-widget-image\" data-id=\"4d20c68\" data-element_type=\"widget\" data-e-type=\"widget\" data-widget_type=\"image.default\">\n\t\t\t\t<div class=\"elementor-widget-container\">\n\t\t\t\t\t\t\t\t\t\t\t\t\t\t\t<img decoding=\"async\" width=\"300\" height=\"152\" src=\"https:\/\/planpro.ee\/wp-content\/uploads\/2015\/09\/VM_arengukoostoo_est-300x152.jpeg\" class=\"attachment-medium size-medium wp-image-30545\" alt=\"\" srcset=\"https:\/\/planpro.ee\/wp-content\/uploads\/2015\/09\/VM_arengukoostoo_est-300x152.jpeg 300w, https:\/\/planpro.ee\/wp-content\/uploads\/2015\/09\/VM_arengukoostoo_est.jpeg 448w\" sizes=\"(max-width: 300px) 100vw, 300px\" \/>\t\t\t\t\t\t\t\t\t\t\t\t\t\t\t<\/div>\n\t\t\t\t<\/div>\n\t\t\t\t\t<\/div>\n\t\t<\/div>\n\t\t\t\t\t<\/div>\n\t\t<\/section>\n\t\t\t\t<\/div>\n\t\t","protected":false},"excerpt":{"rendered":"<p>Blogi K\u00f5ik postitused Moldova V\u00e4lisministeerium ja Moldova E-Riigi Keskus v\u00f5tsid kasutusele PlanPro tarkvara Moldova V\u00e4lisministeerium hakkab PlanPro tarkvara kasutama\u00a0Moldova ja Euroopa Liidu vahelises assotsiatsioonilepingus Moldovale 2014-2016 seatud strateegiliste eesm\u00e4rkide ja projektide progressi monitoorimiseks. Moldova valitsuse e-Transformation Agenda eesm\u00e4rkide ja projektide j\u00e4lgimine toimub PlanPro tarkvara abil Moldova e-riigi keskuse (e-Government Center) koordineerimisel. PlanPro tarkvara on juba [&hellip;]<\/p>\n","protected":false},"author":2,"featured_media":0,"comment_status":"closed","ping_status":"closed","sticky":false,"template":"elementor_header_footer","format":"standard","meta":{"footnotes":""},"categories":[103],"tags":[],"class_list":["post-30569","post","type-post","status-publish","format-standard","hentry","category-news"],"yoast_head":"<!-- This site is optimized with the Yoast SEO plugin v27.4 - https:\/\/yoast.com\/product\/yoast-seo-wordpress\/ -->\n<title>Moldova V\u00e4lisministeerium ja Moldova E-Riigi Keskus v\u00f5tsid kasutusele PlanPro tarkvara<\/title>\n<meta name=\"description\" content=\"PlanPro tarkvara kasutatakse\u00a0Moldova ja Euroopa Liidu assotsiatsioonilepingus Moldovale seatud strateegiliste eesm\u00e4rkide monitoorimiseks.\" \/>\n<meta name=\"robots\" content=\"index, follow, max-snippet:-1, max-image-preview:large, max-video-preview:-1\" \/>\n<link rel=\"canonical\" href=\"https:\/\/planpro.ee\/en\/eesti-moldova-valisministeerium-ja-moldova-e-riigi-keskus-votsid-kasutusele-planpro-tarkvara\/\" \/>\n<meta property=\"og:locale\" content=\"en_US\" \/>\n<meta property=\"og:type\" content=\"article\" \/>\n<meta property=\"og:title\" content=\"Moldova V\u00e4lisministeerium ja Moldova E-Riigi Keskus v\u00f5tsid kasutusele PlanPro tarkvara\" \/>\n<meta property=\"og:description\" content=\"PlanPro tarkvara kasutatakse\u00a0Moldova ja Euroopa Liidu assotsiatsioonilepingus Moldovale seatud strateegiliste eesm\u00e4rkide monitoorimiseks.\" \/>\n<meta property=\"og:url\" content=\"https:\/\/planpro.ee\/en\/eesti-moldova-valisministeerium-ja-moldova-e-riigi-keskus-votsid-kasutusele-planpro-tarkvara\/\" \/>\n<meta property=\"og:site_name\" content=\"PlanPro\" \/>\n<meta property=\"article:publisher\" content=\"https:\/\/www.facebook.com\/PlanProEesti\/\" \/>\n<meta property=\"article:published_time\" content=\"2015-09-06T09:32:09+00:00\" \/>\n<meta property=\"article:modified_time\" content=\"2026-04-08T13:02:50+00:00\" \/>\n<meta property=\"og:image\" content=\"https:\/\/planpro.ee\/wp-content\/uploads\/2015\/09\/VM_arengukoostoo_est.jpeg\" \/>\n\t<meta property=\"og:image:width\" content=\"448\" \/>\n\t<meta property=\"og:image:height\" content=\"227\" \/>\n\t<meta property=\"og:image:type\" content=\"image\/jpeg\" \/>\n<meta name=\"author\" content=\"Riina\" \/>\n<meta name=\"twitter:card\" content=\"summary_large_image\" \/>\n<meta name=\"twitter:label1\" content=\"Written by\" \/>\n\t<meta name=\"twitter:data1\" content=\"Riina\" \/>\n\t<meta name=\"twitter:label2\" content=\"Est. reading time\" \/>\n\t<meta name=\"twitter:data2\" content=\"1 minute\" \/>\n<script type=\"application\/ld+json\" class=\"yoast-schema-graph\">{\"@context\":\"https:\\\/\\\/schema.org\",\"@graph\":[{\"@type\":\"Article\",\"@id\":\"https:\\\/\\\/planpro.ee\\\/en\\\/eesti-moldova-valisministeerium-ja-moldova-e-riigi-keskus-votsid-kasutusele-planpro-tarkvara\\\/#article\",\"isPartOf\":{\"@id\":\"https:\\\/\\\/planpro.ee\\\/en\\\/eesti-moldova-valisministeerium-ja-moldova-e-riigi-keskus-votsid-kasutusele-planpro-tarkvara\\\/\"},\"author\":{\"name\":\"Riina\",\"@id\":\"https:\\\/\\\/planpro.ee\\\/en\\\/#\\\/schema\\\/person\\\/8b54d2a943c7d46806f5a3722a8a2dc2\"},\"headline\":\"Moldova V\u00e4lisministeerium ja Moldova E-Riigi Keskus v\u00f5tsid kasutusele PlanPro tarkvara\",\"datePublished\":\"2015-09-06T09:32:09+00:00\",\"dateModified\":\"2026-04-08T13:02:50+00:00\",\"mainEntityOfPage\":{\"@id\":\"https:\\\/\\\/planpro.ee\\\/en\\\/eesti-moldova-valisministeerium-ja-moldova-e-riigi-keskus-votsid-kasutusele-planpro-tarkvara\\\/\"},\"wordCount\":138,\"publisher\":{\"@id\":\"https:\\\/\\\/planpro.ee\\\/en\\\/#organization\"},\"image\":{\"@id\":\"https:\\\/\\\/planpro.ee\\\/en\\\/eesti-moldova-valisministeerium-ja-moldova-e-riigi-keskus-votsid-kasutusele-planpro-tarkvara\\\/#primaryimage\"},\"thumbnailUrl\":\"https:\\\/\\\/planpro.ee\\\/wp-content\\\/uploads\\\/2015\\\/09\\\/VM_arengukoostoo_est-300x152.jpeg\",\"articleSection\":[\"News\"],\"inLanguage\":\"en-US\"},{\"@type\":\"WebPage\",\"@id\":\"https:\\\/\\\/planpro.ee\\\/en\\\/eesti-moldova-valisministeerium-ja-moldova-e-riigi-keskus-votsid-kasutusele-planpro-tarkvara\\\/\",\"url\":\"https:\\\/\\\/planpro.ee\\\/en\\\/eesti-moldova-valisministeerium-ja-moldova-e-riigi-keskus-votsid-kasutusele-planpro-tarkvara\\\/\",\"name\":\"Moldova V\u00e4lisministeerium ja Moldova E-Riigi Keskus v\u00f5tsid kasutusele PlanPro tarkvara\",\"isPartOf\":{\"@id\":\"https:\\\/\\\/planpro.ee\\\/en\\\/#website\"},\"primaryImageOfPage\":{\"@id\":\"https:\\\/\\\/planpro.ee\\\/en\\\/eesti-moldova-valisministeerium-ja-moldova-e-riigi-keskus-votsid-kasutusele-planpro-tarkvara\\\/#primaryimage\"},\"image\":{\"@id\":\"https:\\\/\\\/planpro.ee\\\/en\\\/eesti-moldova-valisministeerium-ja-moldova-e-riigi-keskus-votsid-kasutusele-planpro-tarkvara\\\/#primaryimage\"},\"thumbnailUrl\":\"https:\\\/\\\/planpro.ee\\\/wp-content\\\/uploads\\\/2015\\\/09\\\/VM_arengukoostoo_est-300x152.jpeg\",\"datePublished\":\"2015-09-06T09:32:09+00:00\",\"dateModified\":\"2026-04-08T13:02:50+00:00\",\"description\":\"PlanPro tarkvara kasutatakse\u00a0Moldova ja Euroopa Liidu assotsiatsioonilepingus Moldovale seatud strateegiliste eesm\u00e4rkide monitoorimiseks.\",\"breadcrumb\":{\"@id\":\"https:\\\/\\\/planpro.ee\\\/en\\\/eesti-moldova-valisministeerium-ja-moldova-e-riigi-keskus-votsid-kasutusele-planpro-tarkvara\\\/#breadcrumb\"},\"inLanguage\":\"en-US\",\"potentialAction\":[{\"@type\":\"ReadAction\",\"target\":[\"https:\\\/\\\/planpro.ee\\\/en\\\/eesti-moldova-valisministeerium-ja-moldova-e-riigi-keskus-votsid-kasutusele-planpro-tarkvara\\\/\"]}]},{\"@type\":\"ImageObject\",\"inLanguage\":\"en-US\",\"@id\":\"https:\\\/\\\/planpro.ee\\\/en\\\/eesti-moldova-valisministeerium-ja-moldova-e-riigi-keskus-votsid-kasutusele-planpro-tarkvara\\\/#primaryimage\",\"url\":\"https:\\\/\\\/planpro.ee\\\/wp-content\\\/uploads\\\/2015\\\/09\\\/VM_arengukoostoo_est-300x152.jpeg\",\"contentUrl\":\"https:\\\/\\\/planpro.ee\\\/wp-content\\\/uploads\\\/2015\\\/09\\\/VM_arengukoostoo_est-300x152.jpeg\"},{\"@type\":\"BreadcrumbList\",\"@id\":\"https:\\\/\\\/planpro.ee\\\/en\\\/eesti-moldova-valisministeerium-ja-moldova-e-riigi-keskus-votsid-kasutusele-planpro-tarkvara\\\/#breadcrumb\",\"itemListElement\":[{\"@type\":\"ListItem\",\"position\":1,\"name\":\"Home\",\"item\":\"https:\\\/\\\/planpro.ee\\\/en\\\/\"},{\"@type\":\"ListItem\",\"position\":2,\"name\":\"News\",\"item\":\"https:\\\/\\\/planpro.ee\\\/en\\\/category\\\/news\\\/\"},{\"@type\":\"ListItem\",\"position\":3,\"name\":\"Moldova V\u00e4lisministeerium ja Moldova E-Riigi Keskus v\u00f5tsid kasutusele PlanPro tarkvara\"}]},{\"@type\":\"WebSite\",\"@id\":\"https:\\\/\\\/planpro.ee\\\/en\\\/#website\",\"url\":\"https:\\\/\\\/planpro.ee\\\/en\\\/\",\"name\":\"PlanPro \u2013 Strategy Execution Software for Government & Enterprise\",\"description\":\"Strategy execution software that connects goals, KPIs, action plans, risks and performance reviews in one platform.\",\"publisher\":{\"@id\":\"https:\\\/\\\/planpro.ee\\\/en\\\/#organization\"},\"potentialAction\":[{\"@type\":\"SearchAction\",\"target\":{\"@type\":\"EntryPoint\",\"urlTemplate\":\"https:\\\/\\\/planpro.ee\\\/en\\\/?s={search_term_string}\"},\"query-input\":{\"@type\":\"PropertyValueSpecification\",\"valueRequired\":true,\"valueName\":\"search_term_string\"}}],\"inLanguage\":\"en-US\"},{\"@type\":\"Organization\",\"@id\":\"https:\\\/\\\/planpro.ee\\\/en\\\/#organization\",\"name\":\"PlanPro\",\"url\":\"https:\\\/\\\/planpro.ee\\\/en\\\/\",\"logo\":{\"@type\":\"ImageObject\",\"inLanguage\":\"en-US\",\"@id\":\"https:\\\/\\\/planpro.ee\\\/en\\\/#\\\/schema\\\/logo\\\/image\\\/\",\"url\":\"https:\\\/\\\/planpro.ee\\\/wp-content\\\/uploads\\\/2023\\\/05\\\/Group-3.svg\",\"contentUrl\":\"https:\\\/\\\/planpro.ee\\\/wp-content\\\/uploads\\\/2023\\\/05\\\/Group-3.svg\",\"width\":117.945,\"height\":51.4,\"caption\":\"PlanPro\"},\"image\":{\"@id\":\"https:\\\/\\\/planpro.ee\\\/en\\\/#\\\/schema\\\/logo\\\/image\\\/\"},\"sameAs\":[\"https:\\\/\\\/www.facebook.com\\\/PlanProEesti\\\/\",\"https:\\\/\\\/www.linkedin.com\\\/company\\\/planpro-software\"]},{\"@type\":\"Person\",\"@id\":\"https:\\\/\\\/planpro.ee\\\/en\\\/#\\\/schema\\\/person\\\/8b54d2a943c7d46806f5a3722a8a2dc2\",\"name\":\"Riina\"}]}<\/script>\n<!-- \/ Yoast SEO plugin. -->","yoast_head_json":{"title":"Moldova V\u00e4lisministeerium ja Moldova E-Riigi Keskus v\u00f5tsid kasutusele PlanPro tarkvara","description":"PlanPro tarkvara kasutatakse\u00a0Moldova ja Euroopa Liidu assotsiatsioonilepingus Moldovale seatud strateegiliste eesm\u00e4rkide monitoorimiseks.","robots":{"index":"index","follow":"follow","max-snippet":"max-snippet:-1","max-image-preview":"max-image-preview:large","max-video-preview":"max-video-preview:-1"},"canonical":"https:\/\/planpro.ee\/en\/eesti-moldova-valisministeerium-ja-moldova-e-riigi-keskus-votsid-kasutusele-planpro-tarkvara\/","og_locale":"en_US","og_type":"article","og_title":"Moldova V\u00e4lisministeerium ja Moldova E-Riigi Keskus v\u00f5tsid kasutusele PlanPro tarkvara","og_description":"PlanPro tarkvara kasutatakse\u00a0Moldova ja Euroopa Liidu assotsiatsioonilepingus Moldovale seatud strateegiliste eesm\u00e4rkide monitoorimiseks.","og_url":"https:\/\/planpro.ee\/en\/eesti-moldova-valisministeerium-ja-moldova-e-riigi-keskus-votsid-kasutusele-planpro-tarkvara\/","og_site_name":"PlanPro","article_publisher":"https:\/\/www.facebook.com\/PlanProEesti\/","article_published_time":"2015-09-06T09:32:09+00:00","article_modified_time":"2026-04-08T13:02:50+00:00","og_image":[{"width":448,"height":227,"url":"https:\/\/planpro.ee\/wp-content\/uploads\/2015\/09\/VM_arengukoostoo_est.jpeg","type":"image\/jpeg"}],"author":"Riina","twitter_card":"summary_large_image","twitter_misc":{"Written by":"Riina","Est. reading time":"1 minute"},"schema":{"@context":"https:\/\/schema.org","@graph":[{"@type":"Article","@id":"https:\/\/planpro.ee\/en\/eesti-moldova-valisministeerium-ja-moldova-e-riigi-keskus-votsid-kasutusele-planpro-tarkvara\/#article","isPartOf":{"@id":"https:\/\/planpro.ee\/en\/eesti-moldova-valisministeerium-ja-moldova-e-riigi-keskus-votsid-kasutusele-planpro-tarkvara\/"},"author":{"name":"Riina","@id":"https:\/\/planpro.ee\/en\/#\/schema\/person\/8b54d2a943c7d46806f5a3722a8a2dc2"},"headline":"Moldova V\u00e4lisministeerium ja Moldova E-Riigi Keskus v\u00f5tsid kasutusele PlanPro tarkvara","datePublished":"2015-09-06T09:32:09+00:00","dateModified":"2026-04-08T13:02:50+00:00","mainEntityOfPage":{"@id":"https:\/\/planpro.ee\/en\/eesti-moldova-valisministeerium-ja-moldova-e-riigi-keskus-votsid-kasutusele-planpro-tarkvara\/"},"wordCount":138,"publisher":{"@id":"https:\/\/planpro.ee\/en\/#organization"},"image":{"@id":"https:\/\/planpro.ee\/en\/eesti-moldova-valisministeerium-ja-moldova-e-riigi-keskus-votsid-kasutusele-planpro-tarkvara\/#primaryimage"},"thumbnailUrl":"https:\/\/planpro.ee\/wp-content\/uploads\/2015\/09\/VM_arengukoostoo_est-300x152.jpeg","articleSection":["News"],"inLanguage":"en-US"},{"@type":"WebPage","@id":"https:\/\/planpro.ee\/en\/eesti-moldova-valisministeerium-ja-moldova-e-riigi-keskus-votsid-kasutusele-planpro-tarkvara\/","url":"https:\/\/planpro.ee\/en\/eesti-moldova-valisministeerium-ja-moldova-e-riigi-keskus-votsid-kasutusele-planpro-tarkvara\/","name":"Moldova V\u00e4lisministeerium ja Moldova E-Riigi Keskus v\u00f5tsid kasutusele PlanPro tarkvara","isPartOf":{"@id":"https:\/\/planpro.ee\/en\/#website"},"primaryImageOfPage":{"@id":"https:\/\/planpro.ee\/en\/eesti-moldova-valisministeerium-ja-moldova-e-riigi-keskus-votsid-kasutusele-planpro-tarkvara\/#primaryimage"},"image":{"@id":"https:\/\/planpro.ee\/en\/eesti-moldova-valisministeerium-ja-moldova-e-riigi-keskus-votsid-kasutusele-planpro-tarkvara\/#primaryimage"},"thumbnailUrl":"https:\/\/planpro.ee\/wp-content\/uploads\/2015\/09\/VM_arengukoostoo_est-300x152.jpeg","datePublished":"2015-09-06T09:32:09+00:00","dateModified":"2026-04-08T13:02:50+00:00","description":"PlanPro tarkvara kasutatakse\u00a0Moldova ja Euroopa Liidu assotsiatsioonilepingus Moldovale seatud strateegiliste eesm\u00e4rkide monitoorimiseks.","breadcrumb":{"@id":"https:\/\/planpro.ee\/en\/eesti-moldova-valisministeerium-ja-moldova-e-riigi-keskus-votsid-kasutusele-planpro-tarkvara\/#breadcrumb"},"inLanguage":"en-US","potentialAction":[{"@type":"ReadAction","target":["https:\/\/planpro.ee\/en\/eesti-moldova-valisministeerium-ja-moldova-e-riigi-keskus-votsid-kasutusele-planpro-tarkvara\/"]}]},{"@type":"ImageObject","inLanguage":"en-US","@id":"https:\/\/planpro.ee\/en\/eesti-moldova-valisministeerium-ja-moldova-e-riigi-keskus-votsid-kasutusele-planpro-tarkvara\/#primaryimage","url":"https:\/\/planpro.ee\/wp-content\/uploads\/2015\/09\/VM_arengukoostoo_est-300x152.jpeg","contentUrl":"https:\/\/planpro.ee\/wp-content\/uploads\/2015\/09\/VM_arengukoostoo_est-300x152.jpeg"},{"@type":"BreadcrumbList","@id":"https:\/\/planpro.ee\/en\/eesti-moldova-valisministeerium-ja-moldova-e-riigi-keskus-votsid-kasutusele-planpro-tarkvara\/#breadcrumb","itemListElement":[{"@type":"ListItem","position":1,"name":"Home","item":"https:\/\/planpro.ee\/en\/"},{"@type":"ListItem","position":2,"name":"News","item":"https:\/\/planpro.ee\/en\/category\/news\/"},{"@type":"ListItem","position":3,"name":"Moldova V\u00e4lisministeerium ja Moldova E-Riigi Keskus v\u00f5tsid kasutusele PlanPro tarkvara"}]},{"@type":"WebSite","@id":"https:\/\/planpro.ee\/en\/#website","url":"https:\/\/planpro.ee\/en\/","name":"PlanPro \u2013 Strategy Execution Software for Government & Enterprise","description":"Strategy execution software that connects goals, KPIs, action plans, risks and performance reviews in one platform.","publisher":{"@id":"https:\/\/planpro.ee\/en\/#organization"},"potentialAction":[{"@type":"SearchAction","target":{"@type":"EntryPoint","urlTemplate":"https:\/\/planpro.ee\/en\/?s={search_term_string}"},"query-input":{"@type":"PropertyValueSpecification","valueRequired":true,"valueName":"search_term_string"}}],"inLanguage":"en-US"},{"@type":"Organization","@id":"https:\/\/planpro.ee\/en\/#organization","name":"PlanPro","url":"https:\/\/planpro.ee\/en\/","logo":{"@type":"ImageObject","inLanguage":"en-US","@id":"https:\/\/planpro.ee\/en\/#\/schema\/logo\/image\/","url":"https:\/\/planpro.ee\/wp-content\/uploads\/2023\/05\/Group-3.svg","contentUrl":"https:\/\/planpro.ee\/wp-content\/uploads\/2023\/05\/Group-3.svg","width":117.945,"height":51.4,"caption":"PlanPro"},"image":{"@id":"https:\/\/planpro.ee\/en\/#\/schema\/logo\/image\/"},"sameAs":["https:\/\/www.facebook.com\/PlanProEesti\/","https:\/\/www.linkedin.com\/company\/planpro-software"]},{"@type":"Person","@id":"https:\/\/planpro.ee\/en\/#\/schema\/person\/8b54d2a943c7d46806f5a3722a8a2dc2","name":"Riina"}]}},"_links":{"self":[{"href":"https:\/\/planpro.ee\/en\/wp-json\/wp\/v2\/posts\/30569","targetHints":{"allow":["GET"]}}],"collection":[{"href":"https:\/\/planpro.ee\/en\/wp-json\/wp\/v2\/posts"}],"about":[{"href":"https:\/\/planpro.ee\/en\/wp-json\/wp\/v2\/types\/post"}],"author":[{"embeddable":true,"href":"https:\/\/planpro.ee\/en\/wp-json\/wp\/v2\/users\/2"}],"replies":[{"embeddable":true,"href":"https:\/\/planpro.ee\/en\/wp-json\/wp\/v2\/comments?post=30569"}],"version-history":[{"count":6,"href":"https:\/\/planpro.ee\/en\/wp-json\/wp\/v2\/posts\/30569\/revisions"}],"predecessor-version":[{"id":30653,"href":"https:\/\/planpro.ee\/en\/wp-json\/wp\/v2\/posts\/30569\/revisions\/30653"}],"wp:attachment":[{"href":"https:\/\/planpro.ee\/en\/wp-json\/wp\/v2\/media?parent=30569"}],"wp:term":[{"taxonomy":"category","embeddable":true,"href":"https:\/\/planpro.ee\/en\/wp-json\/wp\/v2\/categories?post=30569"},{"taxonomy":"post_tag","embeddable":true,"href":"https:\/\/planpro.ee\/en\/wp-json\/wp\/v2\/tags?post=30569"}],"curies":[{"name":"wp","href":"https:\/\/api.w.org\/{rel}","templated":true}]}}